{"id":17559,"date":"2019-11-18T15:30:44","date_gmt":"2019-11-18T20:30:44","guid":{"rendered":"https:\/\/www.benefitscanada.com\/news\/caisse-regrouping-private-equity-activity-under-charles-emond-139044"},"modified":"2019-11-18T15:30:44","modified_gmt":"2019-11-18T20:30:44","slug":"caisse-regrouping-private-equity-activity-under-charles-emond","status":"publish","type":"post","link":"https:\/\/blog.lifeinsurance-orleans.ca\/index.php\/2019\/11\/18\/caisse-regrouping-private-equity-activity-under-charles-emond\/","title":{"rendered":"Caisse regrouping private equity activity under Charles \u00c9mond"},"content":{"rendered":"<div class=\"alignleft clearfix\">\n<div class=\"wp-caption feature-image alignleft\"><img decoding=\"async\" loading=\"lazy\" width=\"350\" height=\"263\" src=\"https:\/\/www.benefitscanada.com\/wp-content\/uploads\/2019\/11\/cd_emond_charles_c-350x263.jpg\" class=\"attachment-feature size-feature wp-post-image\" alt title=\"Caisse regrouping private equity activity under Charles \u00c9mond\"> <\/div>\n<\/div>\n<p class=\"byline\"><span>Staff<\/span>&nbsp;|&nbsp;November 18, 2019<\/p>\n<p class=\"p2\"><span class=\"s1\">The Caisse de d\u00e9p\u00f4t et placement du Qu\u00e9bec is regrouping&nbsp;all of its private equity activities in Quebec and abroad under the leadership of Charles \u00c9mond, who has been appointed executive vice-president, Quebec, private equity and strategic planning.<\/span><\/p>\n<p class=\"p2\">The move comes after Stephane Etroy decided to step down from his role as executive vice-president and head of international private equity to spend more time with his young family in London, England.<\/p>\n<p class=\"p2\"><strong>Read:&nbsp;<a href=\"https:\/\/www.benefitscanada.com\/news\/caisse-appoints-two-executives-to-key-functions-124659\">Caisse appoints two executives to key functions<\/a><\/strong><\/p>\n<p class=\"p2\">In the new role, \u00c9mond will continue to lead&nbsp;the Caisse\u2019s investment strategy in Quebec, in addition to leading its private equity activities outside of the province. He was appointed executive vice-president of Quebec and global strategic planning in January 2019.&nbsp;Before joining the Caisse, \u00c9mond was&nbsp;at Scotiabank for more than 18 years, as head of Quebec\u2019s investment banking group and more recently as global head of investment banking and Canadian corporate banking.<\/p>\n<p class=\"p2\">Combining the private equity teams under one leadership will allow&nbsp;the Caisse to fully benefit from the expertise its teams have acquired over the years, in addition to making it easier to share best practices, noted a press release.<\/p>\n<p class=\"p2\"><strong>Read:<\/strong>&nbsp;<a href=\"https:\/\/www.benefitscanada.com\/news\/caisse-appoints-patrick-de-roy-as-senior-vice-president-88344\"><strong>Caisse appoints Patrick De Roy as senior vice-president<\/strong><\/a><\/p>\n<p> <a href=\"https:\/\/www.benefitscanada.com\/news\/caisse-regrouping-private-equity-activity-under-charles-emond-139044\">Read the full article at BenefitsCanada.com<\/a><\/p>\n","protected":false},"excerpt":{"rendered":"<p>Staff&nbsp;|&nbsp;November 18, 2019 The Caisse de d\u00e9p\u00f4t et placement du Qu\u00e9bec is regrouping&nbsp;all of its private equity activities in Quebec and abroad under the leadership of Charles \u00c9mond, who has been appointed executive vice-president,&#46;&#46;&#46;<\/p>\n","protected":false},"author":1,"featured_media":0,"comment_status":"open","ping_status":"closed","sticky":false,"template":"","format":"standard","meta":[],"categories":[],"tags":[],"jetpack_featured_media_url":"","_links":{"self":[{"href":"https:\/\/blog.lifeinsurance-orleans.ca\/index.php\/wp-json\/wp\/v2\/posts\/17559"}],"collection":[{"href":"https:\/\/blog.lifeinsurance-orleans.ca\/index.php\/wp-json\/wp\/v2\/posts"}],"about":[{"href":"https:\/\/blog.lifeinsurance-orleans.ca\/index.php\/wp-json\/wp\/v2\/types\/post"}],"author":[{"embeddable":true,"href":"https:\/\/blog.lifeinsurance-orleans.ca\/index.php\/wp-json\/wp\/v2\/users\/1"}],"replies":[{"embeddable":true,"href":"https:\/\/blog.lifeinsurance-orleans.ca\/index.php\/wp-json\/wp\/v2\/comments?post=17559"}],"version-history":[{"count":0,"href":"https:\/\/blog.lifeinsurance-orleans.ca\/index.php\/wp-json\/wp\/v2\/posts\/17559\/revisions"}],"wp:attachment":[{"href":"https:\/\/blog.lifeinsurance-orleans.ca\/index.php\/wp-json\/wp\/v2\/media?parent=17559"}],"wp:term":[{"taxonomy":"category","embeddable":true,"href":"https:\/\/blog.lifeinsurance-orleans.ca\/index.php\/wp-json\/wp\/v2\/categories?post=17559"},{"taxonomy":"post_tag","embeddable":true,"href":"https:\/\/blog.lifeinsurance-orleans.ca\/index.php\/wp-json\/wp\/v2\/tags?post=17559"}],"curies":[{"name":"wp","href":"https:\/\/api.w.org\/{rel}","templated":true}]}}